{"id":297,"date":"2023-05-19T12:58:17","date_gmt":"2023-05-19T12:58:17","guid":{"rendered":"https:\/\/stiftung-bachner.de\/the-bachner-foundation-real-opportunity-for-george-john-and-victorechte-chancen-fuer-george-john-und-victor\/"},"modified":"2025-04-09T11:28:39","modified_gmt":"2025-04-09T11:28:39","slug":"the-bachner-foundation-real-opportunity-for-george-john-and-victorechte-chancen-fuer-george-john-und-victor","status":"publish","type":"post","link":"https:\/\/stiftung-bachner.de\/en\/the-bachner-foundation-real-opportunity-for-george-john-and-victorechte-chancen-fuer-george-john-und-victor\/","title":{"rendered":"The Bachner Foundation: Real Opportunity for George, John and VictorEchte Chancen f\u00fcr George, John und Victor"},"content":{"rendered":"<p>[et_pb_section fb_built=&#8221;1&#8243; _builder_version=&#8221;4.27.4&#8243; _module_preset=&#8221;default&#8221; custom_padding=&#8221;0px|||||&#8221; global_colors_info=&#8221;{}&#8221;][et_pb_row custom_padding_last_edited=&#8221;on|phone&#8221; _builder_version=&#8221;4.27.4&#8243; _module_preset=&#8221;default&#8221; custom_margin=&#8221;64px|auto||auto|false|false&#8221; custom_padding=&#8221;|40px|0px||false|false&#8221; custom_padding_tablet=&#8221;|80px||80px|false|true&#8221; custom_padding_phone=&#8221;|30px||30px|false|true&#8221; global_colors_info=&#8221;{}&#8221;][et_pb_column type=&#8221;4_4&#8243; _builder_version=&#8221;4.27.4&#8243; _module_preset=&#8221;default&#8221; global_colors_info=&#8221;{}&#8221;][et_pb_text _builder_version=&#8221;4.27.4&#8243; _module_preset=&#8221;default&#8221; global_colors_info=&#8221;{}&#8221;]<\/p>\n<p>Equality of educational opportunity for all people around the world \u2013 this is the vision that inspired Sabine and Hans Bachner to establish the Bachner Foundation in 2020. George Onyango (25) in Kenya also heard the call. In 2021, he became the Foundation&#8217;s first scholarship holder (we already told his story in the Bachner News). George is now in his first year of training at our company, learning to become an electrical engineering technician for energy and building technology. He and his fellow scholarship holder John Cherfils (24) from Haiti have also just learned how to swim. Bring on the summer!    <\/p>\n<p>John has been in Germany since May 2022. He has just completed his intensive language course and received his B1 language certificate. On April 1, he switched tracks and began his first year of training as an electrical engineering technician for energy and building technology. Victor Lievano (26) from Venezuela also worked hard on his language skills: in July 2022, he received his B2 language certificate. Since then, he has been working towards his dual studies degree in electrical engineering and information technology at the Munich University of Applied Sciences and the Oberschleissheim location of the Bachner Group. His girlfriend also helps him learn German. He lives with her and her family, so he is surrounded by the new language every day. Victor was politically persecuted in his home country. It took a great deal of effort from the Foundation to keep him in Germany.      <\/p>\n<p>[\/et_pb_text][et_pb_heading title=&#8221;How do you become a Foundation scholarship holder?&#8221; _builder_version=&#8221;4.27.4&#8243; _module_preset=&#8221;default&#8221; title_level=&#8221;h3&#8243; title_font_size=&#8221;22px&#8221; global_colors_info=&#8221;{}&#8221;][\/et_pb_heading][et_pb_text _builder_version=&#8221;4.27.4&#8243; _module_preset=&#8221;default&#8221; global_colors_info=&#8221;{}&#8221;]<\/p>\n<p>On their way to Germany, the scholarship holders first have to master a long paper trail. It takes around six months of preparation before a scholarship holder can be welcomed into Germany. The first step is to write a letter of motivation, together with a CV and school certificates.  <\/p>\n<p>Then they meet Sabine Bachner and her team in a video call. &#8220;We also have someone on the staff who speaks several languages and helps the scholarship holders with administrative formalities and organizational matters after they arrive. This makes it easy to overcome initial language barriers,&#8221; explained Sabine Bachner. When it fits for both sides, it&#8217;s time to go to the embassy.  <\/p>\n<p>&nbsp;<\/p>\n<p>[\/et_pb_text][\/et_pb_column][\/et_pb_row][et_pb_row column_structure=&#8221;1_2,1_2&#8243; _builder_version=&#8221;4.27.4&#8243; _module_preset=&#8221;default&#8221; global_colors_info=&#8221;{}&#8221;][et_pb_column type=&#8221;1_2&#8243; _builder_version=&#8221;4.27.4&#8243; _module_preset=&#8221;default&#8221; global_colors_info=&#8221;{}&#8221;][et_pb_image src=&#8221;https:\/\/stiftung-bachner.de\/wp-content\/uploads\/2025\/02\/Hau-den-Lukas-Victor.jpg&#8221; title_text=&#8221;Hau-den-Lukas-Victor&#8221; _builder_version=&#8221;4.27.4&#8243; _module_preset=&#8221;default&#8221; box_shadow_style=&#8221;preset3&#8243; global_colors_info=&#8221;{}&#8221;][\/et_pb_image][\/et_pb_column][et_pb_column type=&#8221;1_2&#8243; _builder_version=&#8221;4.27.4&#8243; _module_preset=&#8221;default&#8221; global_colors_info=&#8221;{}&#8221;][\/et_pb_column][\/et_pb_row][et_pb_row _builder_version=&#8221;4.27.4&#8243; _module_preset=&#8221;default&#8221; global_colors_info=&#8221;{}&#8221;][et_pb_column type=&#8221;4_4&#8243; _builder_version=&#8221;4.27.4&#8243; _module_preset=&#8221;default&#8221; global_colors_info=&#8221;{}&#8221;][et_pb_text _builder_version=&#8221;4.27.4&#8243; _module_preset=&#8221;default&#8221; global_colors_info=&#8221;{}&#8221;]<\/p>\n<p>Sabine Bachner prepares all the documents for the scholarship holders, so all they have to do is sign them. &#8220;A perfect application portfolio significantly increases your chances when you apply for a visa. And if the application is rejected, we have our lawyers on hand,&#8221; said Sabine Bachner. The first step in opening the door to Germany is to get a visa to learn the language. Meanwhile, the Foundation finds an apartment, organizes employment contracts and sets up a secured bank account with 10,000 euros. George, John and Victor receive a fixed monthly sum from this account.    <\/p>\n<p>[\/et_pb_text][et_pb_heading title=&#8221;Help with everyday tasks as well&#8221; admin_label=&#8221;Heading&#8221; _builder_version=&#8221;4.27.4&#8243; _module_preset=&#8221;default&#8221; title_level=&#8221;h3&#8243; title_font_size=&#8221;22px&#8221; global_colors_info=&#8221;{}&#8221;][\/et_pb_heading][et_pb_text _builder_version=&#8221;4.27.4&#8243; _module_preset=&#8221;default&#8221; global_colors_info=&#8221;{}&#8221;]<\/p>\n<p>The scholarship holders spend four to five years at the Foundation. After completing their specialized training, they have a good chance of getting a permanent residence permit \u2013 or they return to their home country with a skill and build a future for themselves. The Foundation doesn&#8217;t just take its scholarship holders under its wing in a professional sense. It also helps them to overcome some unfamiliar hurdles in their everyday lives, such as buying winter clothes, doing bank transactions or getting to know the cultural differences in Germany. For their free time, connections are made with soccer clubs and gyms, which makes it a little easier to settle into a foreign country.    <\/p>\n<p>Sometimes, they also need to improvise at work. If they don&#8217;t know the many technical terms to be learned by heart, they can simply stick easy-to-understand symbols on the cable drums and toolboxes. &#8220;We are very grateful to the training managers and teams for their fantastic integration work, despite the time pressure in their daily routine,&#8221; commented Sabine Bachner to emphasize the joint commitment of everyone involved. But the Bachner Foundation is not only active in its own industry.  <\/p>\n<p>George&#8217;s brother, Michael Onyango (18), is currently waiting for his visa and entry into Germany. After his language course, he wants to start his training as a nursing assistant at the Ilmtalklinik Mainburg hospital in September 2024. What does Sabine Bachner want for the future? &#8220;It would be great to be able to have female scholarship holders at the Foundation. To realize that goal, we are happy to approach employers from all the industries.&#8221;   <\/p>\n<p>[\/et_pb_text][\/et_pb_column][\/et_pb_row][\/et_pb_section]<\/p>\n","protected":false},"excerpt":{"rendered":"<p>Equality of educational opportunity for all people around the world \u2013 this is the vision that inspired Sabine and Hans Bachner to establish the Bachner Foundation in 2020. George Onyango (25) in Kenya also heard the call. In 2021, he became the Foundation&#8217;s first scholarship holder (we already told his story in the Bachner News). George is now in his first year of training at our company, learning to become an electrical engineering technician for energy and building technology. He and his fellow scholarship holder John Cherfils (24) from Haiti have also just learned how to swim. Bring on the summer! John has been in Germany since May 2022. He has just completed his intensive language course and received his B1 language certificate. On April 1, he switched tracks and began his first year of training as an electrical engineering technician for energy and building technology. Victor Lievano (26) from Venezuela also worked hard on his language skills: in July 2022, he received his B2 language certificate. Since then, he has been working towards his dual studies degree in electrical engineering and information technology at the Munich University of Applied Sciences and the Oberschleissheim location of the Bachner Group. His [&hellip;]<\/p>\n","protected":false},"author":3,"featured_media":264,"comment_status":"closed","ping_status":"closed","sticky":false,"template":"","format":"standard","meta":{"_et_pb_use_builder":"on","_et_pb_old_content":"","_et_gb_content_width":"","footnotes":""},"categories":[14],"tags":[],"class_list":["post-297","post","type-post","status-publish","format-standard","has-post-thumbnail","hentry","category-news-en"],"yoast_head":"<!-- This site is optimized with the Yoast SEO plugin v27.5 - https:\/\/yoast.com\/product\/yoast-seo-wordpress\/ -->\n<title>The Bachner Foundation: Real Opportunity for George, John and VictorEchte Chancen f\u00fcr George, John und Victor - Stiftung Bachner<\/title>\n<meta name=\"robots\" content=\"index, follow, max-snippet:-1, max-image-preview:large, max-video-preview:-1\" \/>\n<link rel=\"canonical\" href=\"https:\/\/stiftung-bachner.de\/en\/the-bachner-foundation-real-opportunity-for-george-john-and-victorechte-chancen-fuer-george-john-und-victor\/\" \/>\n<meta property=\"og:locale\" content=\"en_US\" \/>\n<meta property=\"og:type\" content=\"article\" \/>\n<meta property=\"og:title\" content=\"The Bachner Foundation: Real Opportunity for George, John and VictorEchte Chancen f\u00fcr George, John und Victor - Stiftung Bachner\" \/>\n<meta property=\"og:description\" content=\"Equality of educational opportunity for all people around the world \u2013 this is the vision that inspired Sabine and Hans Bachner to establish the Bachner Foundation in 2020. George Onyango (25) in Kenya also heard the call. In 2021, he became the Foundation&#039;s first scholarship holder (we already told his story in the Bachner News). George is now in his first year of training at our company, learning to become an electrical engineering technician for energy and building technology. He and his fellow scholarship holder John Cherfils (24) from Haiti have also just learned how to swim. Bring on the summer! John has been in Germany since May 2022. He has just completed his intensive language course and received his B1 language certificate. On April 1, he switched tracks and began his first year of training as an electrical engineering technician for energy and building technology. Victor Lievano (26) from Venezuela also worked hard on his language skills: in July 2022, he received his B2 language certificate. Since then, he has been working towards his dual studies degree in electrical engineering and information technology at the Munich University of Applied Sciences and the Oberschleissheim location of the Bachner Group. His [&hellip;]\" \/>\n<meta property=\"og:url\" content=\"https:\/\/stiftung-bachner.de\/en\/the-bachner-foundation-real-opportunity-for-george-john-and-victorechte-chancen-fuer-george-john-und-victor\/\" \/>\n<meta property=\"og:site_name\" content=\"Stiftung Bachner\" \/>\n<meta property=\"article:published_time\" content=\"2023-05-19T12:58:17+00:00\" \/>\n<meta property=\"article:modified_time\" content=\"2025-04-09T11:28:39+00:00\" \/>\n<meta property=\"og:image\" content=\"https:\/\/stiftung-bachner.de\/wp-content\/uploads\/2025\/02\/George-Victor-John.jpg\" \/>\n\t<meta property=\"og:image:width\" content=\"1200\" \/>\n\t<meta property=\"og:image:height\" content=\"1200\" \/>\n\t<meta property=\"og:image:type\" content=\"image\/jpeg\" \/>\n<meta name=\"author\" content=\"Zo\u00eb K\u00f6gler\" \/>\n<meta name=\"twitter:card\" content=\"summary_large_image\" \/>\n<meta name=\"twitter:label1\" content=\"Written by\" \/>\n\t<meta name=\"twitter:data1\" content=\"Zo\u00eb K\u00f6gler\" \/>\n\t<meta name=\"twitter:label2\" content=\"Est. reading time\" \/>\n\t<meta name=\"twitter:data2\" content=\"5 minutes\" \/>\n<script type=\"application\/ld+json\" class=\"yoast-schema-graph\">{\"@context\":\"https:\\\/\\\/schema.org\",\"@graph\":[{\"@type\":\"Article\",\"@id\":\"https:\\\/\\\/stiftung-bachner.de\\\/en\\\/the-bachner-foundation-real-opportunity-for-george-john-and-victorechte-chancen-fuer-george-john-und-victor\\\/#article\",\"isPartOf\":{\"@id\":\"https:\\\/\\\/stiftung-bachner.de\\\/en\\\/the-bachner-foundation-real-opportunity-for-george-john-and-victorechte-chancen-fuer-george-john-und-victor\\\/\"},\"author\":{\"name\":\"Zo\u00eb K\u00f6gler\",\"@id\":\"https:\\\/\\\/stiftung-bachner.de\\\/en\\\/#\\\/schema\\\/person\\\/158294ad2ffbc62c174343aa0fece316\"},\"headline\":\"The Bachner Foundation: Real Opportunity for George, John and VictorEchte Chancen f\u00fcr George, John und Victor\",\"datePublished\":\"2023-05-19T12:58:17+00:00\",\"dateModified\":\"2025-04-09T11:28:39+00:00\",\"mainEntityOfPage\":{\"@id\":\"https:\\\/\\\/stiftung-bachner.de\\\/en\\\/the-bachner-foundation-real-opportunity-for-george-john-and-victorechte-chancen-fuer-george-john-und-victor\\\/\"},\"wordCount\":1032,\"image\":{\"@id\":\"https:\\\/\\\/stiftung-bachner.de\\\/en\\\/the-bachner-foundation-real-opportunity-for-george-john-and-victorechte-chancen-fuer-george-john-und-victor\\\/#primaryimage\"},\"thumbnailUrl\":\"https:\\\/\\\/stiftung-bachner.de\\\/wp-content\\\/uploads\\\/2025\\\/02\\\/George-Victor-John.jpg\",\"articleSection\":[\"news\"],\"inLanguage\":\"en-US\"},{\"@type\":\"WebPage\",\"@id\":\"https:\\\/\\\/stiftung-bachner.de\\\/en\\\/the-bachner-foundation-real-opportunity-for-george-john-and-victorechte-chancen-fuer-george-john-und-victor\\\/\",\"url\":\"https:\\\/\\\/stiftung-bachner.de\\\/en\\\/the-bachner-foundation-real-opportunity-for-george-john-and-victorechte-chancen-fuer-george-john-und-victor\\\/\",\"name\":\"The Bachner Foundation: Real Opportunity for George, John and VictorEchte Chancen f\u00fcr George, John und Victor - Stiftung Bachner\",\"isPartOf\":{\"@id\":\"https:\\\/\\\/stiftung-bachner.de\\\/en\\\/#website\"},\"primaryImageOfPage\":{\"@id\":\"https:\\\/\\\/stiftung-bachner.de\\\/en\\\/the-bachner-foundation-real-opportunity-for-george-john-and-victorechte-chancen-fuer-george-john-und-victor\\\/#primaryimage\"},\"image\":{\"@id\":\"https:\\\/\\\/stiftung-bachner.de\\\/en\\\/the-bachner-foundation-real-opportunity-for-george-john-and-victorechte-chancen-fuer-george-john-und-victor\\\/#primaryimage\"},\"thumbnailUrl\":\"https:\\\/\\\/stiftung-bachner.de\\\/wp-content\\\/uploads\\\/2025\\\/02\\\/George-Victor-John.jpg\",\"datePublished\":\"2023-05-19T12:58:17+00:00\",\"dateModified\":\"2025-04-09T11:28:39+00:00\",\"author\":{\"@id\":\"https:\\\/\\\/stiftung-bachner.de\\\/en\\\/#\\\/schema\\\/person\\\/158294ad2ffbc62c174343aa0fece316\"},\"breadcrumb\":{\"@id\":\"https:\\\/\\\/stiftung-bachner.de\\\/en\\\/the-bachner-foundation-real-opportunity-for-george-john-and-victorechte-chancen-fuer-george-john-und-victor\\\/#breadcrumb\"},\"inLanguage\":\"en-US\",\"potentialAction\":[{\"@type\":\"ReadAction\",\"target\":[\"https:\\\/\\\/stiftung-bachner.de\\\/en\\\/the-bachner-foundation-real-opportunity-for-george-john-and-victorechte-chancen-fuer-george-john-und-victor\\\/\"]}]},{\"@type\":\"ImageObject\",\"inLanguage\":\"en-US\",\"@id\":\"https:\\\/\\\/stiftung-bachner.de\\\/en\\\/the-bachner-foundation-real-opportunity-for-george-john-and-victorechte-chancen-fuer-george-john-und-victor\\\/#primaryimage\",\"url\":\"https:\\\/\\\/stiftung-bachner.de\\\/wp-content\\\/uploads\\\/2025\\\/02\\\/George-Victor-John.jpg\",\"contentUrl\":\"https:\\\/\\\/stiftung-bachner.de\\\/wp-content\\\/uploads\\\/2025\\\/02\\\/George-Victor-John.jpg\",\"width\":1200,\"height\":1200},{\"@type\":\"BreadcrumbList\",\"@id\":\"https:\\\/\\\/stiftung-bachner.de\\\/en\\\/the-bachner-foundation-real-opportunity-for-george-john-and-victorechte-chancen-fuer-george-john-und-victor\\\/#breadcrumb\",\"itemListElement\":[{\"@type\":\"ListItem\",\"position\":1,\"name\":\"Home\",\"item\":\"https:\\\/\\\/stiftung-bachner.de\\\/en\\\/\"},{\"@type\":\"ListItem\",\"position\":2,\"name\":\"The Bachner Foundation: Real Opportunity for George, John and VictorEchte Chancen f\u00fcr George, John und Victor\"}]},{\"@type\":\"WebSite\",\"@id\":\"https:\\\/\\\/stiftung-bachner.de\\\/en\\\/#website\",\"url\":\"https:\\\/\\\/stiftung-bachner.de\\\/en\\\/\",\"name\":\"Stiftung Bachner\",\"description\":\"Bildung, Toleranz &amp; V\u00f6lkerverst\u00e4ndigung\",\"potentialAction\":[{\"@type\":\"SearchAction\",\"target\":{\"@type\":\"EntryPoint\",\"urlTemplate\":\"https:\\\/\\\/stiftung-bachner.de\\\/en\\\/?s={search_term_string}\"},\"query-input\":{\"@type\":\"PropertyValueSpecification\",\"valueRequired\":true,\"valueName\":\"search_term_string\"}}],\"inLanguage\":\"en-US\"},{\"@type\":\"Person\",\"@id\":\"https:\\\/\\\/stiftung-bachner.de\\\/en\\\/#\\\/schema\\\/person\\\/158294ad2ffbc62c174343aa0fece316\",\"name\":\"Zo\u00eb K\u00f6gler\",\"url\":\"https:\\\/\\\/stiftung-bachner.de\\\/en\\\/author\\\/zoe-koeglerbachner-de\\\/\"}]}<\/script>\n<!-- \/ Yoast SEO plugin. -->","yoast_head_json":{"title":"The Bachner Foundation: Real Opportunity for George, John and VictorEchte Chancen f\u00fcr George, John und Victor - Stiftung Bachner","robots":{"index":"index","follow":"follow","max-snippet":"max-snippet:-1","max-image-preview":"max-image-preview:large","max-video-preview":"max-video-preview:-1"},"canonical":"https:\/\/stiftung-bachner.de\/en\/the-bachner-foundation-real-opportunity-for-george-john-and-victorechte-chancen-fuer-george-john-und-victor\/","og_locale":"en_US","og_type":"article","og_title":"The Bachner Foundation: Real Opportunity for George, John and VictorEchte Chancen f\u00fcr George, John und Victor - Stiftung Bachner","og_description":"Equality of educational opportunity for all people around the world \u2013 this is the vision that inspired Sabine and Hans Bachner to establish the Bachner Foundation in 2020. George Onyango (25) in Kenya also heard the call. In 2021, he became the Foundation's first scholarship holder (we already told his story in the Bachner News). George is now in his first year of training at our company, learning to become an electrical engineering technician for energy and building technology. He and his fellow scholarship holder John Cherfils (24) from Haiti have also just learned how to swim. Bring on the summer! John has been in Germany since May 2022. He has just completed his intensive language course and received his B1 language certificate. On April 1, he switched tracks and began his first year of training as an electrical engineering technician for energy and building technology. Victor Lievano (26) from Venezuela also worked hard on his language skills: in July 2022, he received his B2 language certificate. Since then, he has been working towards his dual studies degree in electrical engineering and information technology at the Munich University of Applied Sciences and the Oberschleissheim location of the Bachner Group. His [&hellip;]","og_url":"https:\/\/stiftung-bachner.de\/en\/the-bachner-foundation-real-opportunity-for-george-john-and-victorechte-chancen-fuer-george-john-und-victor\/","og_site_name":"Stiftung Bachner","article_published_time":"2023-05-19T12:58:17+00:00","article_modified_time":"2025-04-09T11:28:39+00:00","og_image":[{"width":1200,"height":1200,"url":"https:\/\/stiftung-bachner.de\/wp-content\/uploads\/2025\/02\/George-Victor-John.jpg","type":"image\/jpeg"}],"author":"Zo\u00eb K\u00f6gler","twitter_card":"summary_large_image","twitter_misc":{"Written by":"Zo\u00eb K\u00f6gler","Est. reading time":"5 minutes"},"schema":{"@context":"https:\/\/schema.org","@graph":[{"@type":"Article","@id":"https:\/\/stiftung-bachner.de\/en\/the-bachner-foundation-real-opportunity-for-george-john-and-victorechte-chancen-fuer-george-john-und-victor\/#article","isPartOf":{"@id":"https:\/\/stiftung-bachner.de\/en\/the-bachner-foundation-real-opportunity-for-george-john-and-victorechte-chancen-fuer-george-john-und-victor\/"},"author":{"name":"Zo\u00eb K\u00f6gler","@id":"https:\/\/stiftung-bachner.de\/en\/#\/schema\/person\/158294ad2ffbc62c174343aa0fece316"},"headline":"The Bachner Foundation: Real Opportunity for George, John and VictorEchte Chancen f\u00fcr George, John und Victor","datePublished":"2023-05-19T12:58:17+00:00","dateModified":"2025-04-09T11:28:39+00:00","mainEntityOfPage":{"@id":"https:\/\/stiftung-bachner.de\/en\/the-bachner-foundation-real-opportunity-for-george-john-and-victorechte-chancen-fuer-george-john-und-victor\/"},"wordCount":1032,"image":{"@id":"https:\/\/stiftung-bachner.de\/en\/the-bachner-foundation-real-opportunity-for-george-john-and-victorechte-chancen-fuer-george-john-und-victor\/#primaryimage"},"thumbnailUrl":"https:\/\/stiftung-bachner.de\/wp-content\/uploads\/2025\/02\/George-Victor-John.jpg","articleSection":["news"],"inLanguage":"en-US"},{"@type":"WebPage","@id":"https:\/\/stiftung-bachner.de\/en\/the-bachner-foundation-real-opportunity-for-george-john-and-victorechte-chancen-fuer-george-john-und-victor\/","url":"https:\/\/stiftung-bachner.de\/en\/the-bachner-foundation-real-opportunity-for-george-john-and-victorechte-chancen-fuer-george-john-und-victor\/","name":"The Bachner Foundation: Real Opportunity for George, John and VictorEchte Chancen f\u00fcr George, John und Victor - Stiftung Bachner","isPartOf":{"@id":"https:\/\/stiftung-bachner.de\/en\/#website"},"primaryImageOfPage":{"@id":"https:\/\/stiftung-bachner.de\/en\/the-bachner-foundation-real-opportunity-for-george-john-and-victorechte-chancen-fuer-george-john-und-victor\/#primaryimage"},"image":{"@id":"https:\/\/stiftung-bachner.de\/en\/the-bachner-foundation-real-opportunity-for-george-john-and-victorechte-chancen-fuer-george-john-und-victor\/#primaryimage"},"thumbnailUrl":"https:\/\/stiftung-bachner.de\/wp-content\/uploads\/2025\/02\/George-Victor-John.jpg","datePublished":"2023-05-19T12:58:17+00:00","dateModified":"2025-04-09T11:28:39+00:00","author":{"@id":"https:\/\/stiftung-bachner.de\/en\/#\/schema\/person\/158294ad2ffbc62c174343aa0fece316"},"breadcrumb":{"@id":"https:\/\/stiftung-bachner.de\/en\/the-bachner-foundation-real-opportunity-for-george-john-and-victorechte-chancen-fuer-george-john-und-victor\/#breadcrumb"},"inLanguage":"en-US","potentialAction":[{"@type":"ReadAction","target":["https:\/\/stiftung-bachner.de\/en\/the-bachner-foundation-real-opportunity-for-george-john-and-victorechte-chancen-fuer-george-john-und-victor\/"]}]},{"@type":"ImageObject","inLanguage":"en-US","@id":"https:\/\/stiftung-bachner.de\/en\/the-bachner-foundation-real-opportunity-for-george-john-and-victorechte-chancen-fuer-george-john-und-victor\/#primaryimage","url":"https:\/\/stiftung-bachner.de\/wp-content\/uploads\/2025\/02\/George-Victor-John.jpg","contentUrl":"https:\/\/stiftung-bachner.de\/wp-content\/uploads\/2025\/02\/George-Victor-John.jpg","width":1200,"height":1200},{"@type":"BreadcrumbList","@id":"https:\/\/stiftung-bachner.de\/en\/the-bachner-foundation-real-opportunity-for-george-john-and-victorechte-chancen-fuer-george-john-und-victor\/#breadcrumb","itemListElement":[{"@type":"ListItem","position":1,"name":"Home","item":"https:\/\/stiftung-bachner.de\/en\/"},{"@type":"ListItem","position":2,"name":"The Bachner Foundation: Real Opportunity for George, John and VictorEchte Chancen f\u00fcr George, John und Victor"}]},{"@type":"WebSite","@id":"https:\/\/stiftung-bachner.de\/en\/#website","url":"https:\/\/stiftung-bachner.de\/en\/","name":"Stiftung Bachner","description":"Bildung, Toleranz &amp; V\u00f6lkerverst\u00e4ndigung","potentialAction":[{"@type":"SearchAction","target":{"@type":"EntryPoint","urlTemplate":"https:\/\/stiftung-bachner.de\/en\/?s={search_term_string}"},"query-input":{"@type":"PropertyValueSpecification","valueRequired":true,"valueName":"search_term_string"}}],"inLanguage":"en-US"},{"@type":"Person","@id":"https:\/\/stiftung-bachner.de\/en\/#\/schema\/person\/158294ad2ffbc62c174343aa0fece316","name":"Zo\u00eb K\u00f6gler","url":"https:\/\/stiftung-bachner.de\/en\/author\/zoe-koeglerbachner-de\/"}]}},"_links":{"self":[{"href":"https:\/\/stiftung-bachner.de\/en\/wp-json\/wp\/v2\/posts\/297","targetHints":{"allow":["GET"]}}],"collection":[{"href":"https:\/\/stiftung-bachner.de\/en\/wp-json\/wp\/v2\/posts"}],"about":[{"href":"https:\/\/stiftung-bachner.de\/en\/wp-json\/wp\/v2\/types\/post"}],"author":[{"embeddable":true,"href":"https:\/\/stiftung-bachner.de\/en\/wp-json\/wp\/v2\/users\/3"}],"replies":[{"embeddable":true,"href":"https:\/\/stiftung-bachner.de\/en\/wp-json\/wp\/v2\/comments?post=297"}],"version-history":[{"count":4,"href":"https:\/\/stiftung-bachner.de\/en\/wp-json\/wp\/v2\/posts\/297\/revisions"}],"predecessor-version":[{"id":310,"href":"https:\/\/stiftung-bachner.de\/en\/wp-json\/wp\/v2\/posts\/297\/revisions\/310"}],"wp:featuredmedia":[{"embeddable":true,"href":"https:\/\/stiftung-bachner.de\/en\/wp-json\/wp\/v2\/media\/264"}],"wp:attachment":[{"href":"https:\/\/stiftung-bachner.de\/en\/wp-json\/wp\/v2\/media?parent=297"}],"wp:term":[{"taxonomy":"category","embeddable":true,"href":"https:\/\/stiftung-bachner.de\/en\/wp-json\/wp\/v2\/categories?post=297"},{"taxonomy":"post_tag","embeddable":true,"href":"https:\/\/stiftung-bachner.de\/en\/wp-json\/wp\/v2\/tags?post=297"}],"curies":[{"name":"wp","href":"https:\/\/api.w.org\/{rel}","templated":true}]}}